{"id":2336,"date":"2024-06-24T17:45:56","date_gmt":"2024-06-24T15:45:56","guid":{"rendered":"https:\/\/ttf-bad-woerishofen.de\/?p=2336"},"modified":"2024-07-05T16:05:54","modified_gmt":"2024-07-05T14:05:54","slug":"lisa-voegele-startet-bei-den-deutschen-meisterschaften-2024-in-der-leistungsklasse-damen-b-in-erfurt","status":"publish","type":"post","link":"https:\/\/ttf-bad-woerishofen.de\/?p=2336","title":{"rendered":"Lisa V\u00f6gele startet bei den Deutschen Meisterschaften 2024"},"content":{"rendered":"\n<p>Am vergangenen Wochenende fanden in Erfurt die Deutschen Meisterschaften 2024 statt, zu denen sich Lisa V\u00f6gele von den TTF Bad W\u00f6rishofen im Dezember bei den Bayrischen Meisterschaften in der Leistungsklasse Damen B als Bayrische Vizemeisterin qualifiziert hatte. Die Deutschen Meisterschaften fanden heuer erstmals im Rahmen der TT-Finals statt, bei der Profis, Leistungsklassen, Jugend 19 und Jugend 15 alle zusammen am gleichen Ort antreten. Neben dem sportlichen Geschehen war bei dem viert\u00e4gigen Event zus\u00e4tzliches Rahmenprogramm geboten.<\/p>\n\n\n\n<p>Lisa V\u00f6gele startete als eine von f\u00fcnf weiteren Teilnehmerinnen des Bayerischen Tischtennisverbands in der LK B, und vertat somit den Bezirk Schwaben S\u00fcd auf nationaler Ebene.<\/p>\n\n\n\n<p>Die Auslosung ergab die Gruppe H, bei der Lisa den 3. Platz mit einem Sieg und 2 Niederlagen belegte. Das Auftaktspiel gewann sie mit 3:0 gegen Luna Scholze HETTV (Hessischer Tischtennisverband), die n\u00e4chsten verlor sie knapp mit 1:3 gegen Lena Naumann TTVSH (Tischtennisverband Schleswig Holstein) und 0:3 gegen Claudia Lie\u00df WTTV (Westdeutscher Tischtennisverband) und schied damit aus.<\/p>\n\n\n\n<p>Im Doppel trat Lisa V\u00f6gele mit Julia Heigl vom FC Chamerau. Leider mussten beide mit 0:3 in der ersten KO-Runde den Gegnerinnen Steding Svenja\/Lewerenz Nadine zum Sieg gratulieren.<\/p>\n\n\n\n<p>Trotz allem stellt alleine die Teilnahme bei den Deutschen Meisterschaften sowie weitere Erfahrung auf nationaler Ebene einen Riesenerfolg dar!<\/p>\n","protected":false},"excerpt":{"rendered":"<p>Am vergangenen Wochenende fanden in Erfurt die Deutschen Meisterschaften 2024 statt, zu denen sich Lisa V\u00f6gele von den TTF Bad W\u00f6rishofen im Dezember bei den Bayrischen Meisterschaften in der Leistungsklasse [&hellip;]<\/p>\n","protected":false},"author":2,"featured_media":2337,"comment_status":"closed","ping_status":"closed","sticky":false,"template":"","format":"standard","meta":{"ocean_post_layout":"","ocean_both_sidebars_style":"","ocean_both_sidebars_content_width":0,"ocean_both_sidebars_sidebars_width":0,"ocean_sidebar":"","ocean_second_sidebar":"","ocean_disable_margins":"enable","ocean_add_body_class":"","ocean_shortcode_before_top_bar":"","ocean_shortcode_after_top_bar":"","ocean_shortcode_before_header":"","ocean_shortcode_after_header":"","ocean_has_shortcode":"","ocean_shortcode_after_title":"","ocean_shortcode_before_footer_widgets":"","ocean_shortcode_after_footer_widgets":"","ocean_shortcode_before_footer_bottom":"","ocean_shortcode_after_footer_bottom":"","ocean_display_top_bar":"default","ocean_display_header":"default","ocean_header_style":"","ocean_center_header_left_menu":"","ocean_custom_header_template":"","ocean_custom_logo":0,"ocean_custom_retina_logo":0,"ocean_custom_logo_max_width":0,"ocean_custom_logo_tablet_max_width":0,"ocean_custom_logo_mobile_max_width":0,"ocean_custom_logo_max_height":0,"ocean_custom_logo_tablet_max_height":0,"ocean_custom_logo_mobile_max_height":0,"ocean_header_custom_menu":"","ocean_menu_typo_font_family":"","ocean_menu_typo_font_subset":"","ocean_menu_typo_font_size":0,"ocean_menu_typo_font_size_tablet":0,"ocean_menu_typo_font_size_mobile":0,"ocean_menu_typo_font_size_unit":"px","ocean_menu_typo_font_weight":"","ocean_menu_typo_font_weight_tablet":"","ocean_menu_typo_font_weight_mobile":"","ocean_menu_typo_transform":"","ocean_menu_typo_transform_tablet":"","ocean_menu_typo_transform_mobile":"","ocean_menu_typo_line_height":0,"ocean_menu_typo_line_height_tablet":0,"ocean_menu_typo_line_height_mobile":0,"ocean_menu_typo_line_height_unit":"","ocean_menu_typo_spacing":0,"ocean_menu_typo_spacing_tablet":0,"ocean_menu_typo_spacing_mobile":0,"ocean_menu_typo_spacing_unit":"","ocean_menu_link_color":"","ocean_menu_link_color_hover":"","ocean_menu_link_color_active":"","ocean_menu_link_background":"","ocean_menu_link_hover_background":"","ocean_menu_link_active_background":"","ocean_menu_social_links_bg":"","ocean_menu_social_hover_links_bg":"","ocean_menu_social_links_color":"","ocean_menu_social_hover_links_color":"","ocean_disable_title":"default","ocean_disable_heading":"default","ocean_post_title":"","ocean_post_subheading":"","ocean_post_title_style":"","ocean_post_title_background_color":"","ocean_post_title_background":0,"ocean_post_title_bg_image_position":"","ocean_post_title_bg_image_attachment":"","ocean_post_title_bg_image_repeat":"","ocean_post_title_bg_image_size":"","ocean_post_title_height":0,"ocean_post_title_bg_overlay":0.5,"ocean_post_title_bg_overlay_color":"","ocean_disable_breadcrumbs":"default","ocean_breadcrumbs_color":"","ocean_breadcrumbs_separator_color":"","ocean_breadcrumbs_links_color":"","ocean_breadcrumbs_links_hover_color":"","ocean_display_footer_widgets":"default","ocean_display_footer_bottom":"default","ocean_custom_footer_template":"","ocean_post_oembed":"","ocean_post_self_hosted_media":"","ocean_post_video_embed":"","ocean_link_format":"","ocean_link_format_target":"self","ocean_quote_format":"","ocean_quote_format_link":"post","ocean_gallery_link_images":"on","ocean_gallery_id":[],"footnotes":""},"categories":[8,17,7],"tags":[],"class_list":["post-2336","post","type-post","status-publish","format-standard","has-post-thumbnail","hentry","category-presse","category-saison-2023-2024","category-turniere","entry","has-media"],"_links":{"self":[{"href":"https:\/\/ttf-bad-woerishofen.de\/index.php?rest_route=\/wp\/v2\/posts\/2336","targetHints":{"allow":["GET"]}}],"collection":[{"href":"https:\/\/ttf-bad-woerishofen.de\/index.php?rest_route=\/wp\/v2\/posts"}],"about":[{"href":"https:\/\/ttf-bad-woerishofen.de\/index.php?rest_route=\/wp\/v2\/types\/post"}],"author":[{"embeddable":true,"href":"https:\/\/ttf-bad-woerishofen.de\/index.php?rest_route=\/wp\/v2\/users\/2"}],"replies":[{"embeddable":true,"href":"https:\/\/ttf-bad-woerishofen.de\/index.php?rest_route=%2Fwp%2Fv2%2Fcomments&post=2336"}],"version-history":[{"count":2,"href":"https:\/\/ttf-bad-woerishofen.de\/index.php?rest_route=\/wp\/v2\/posts\/2336\/revisions"}],"predecessor-version":[{"id":2364,"href":"https:\/\/ttf-bad-woerishofen.de\/index.php?rest_route=\/wp\/v2\/posts\/2336\/revisions\/2364"}],"wp:featuredmedia":[{"embeddable":true,"href":"https:\/\/ttf-bad-woerishofen.de\/index.php?rest_route=\/wp\/v2\/media\/2337"}],"wp:attachment":[{"href":"https:\/\/ttf-bad-woerishofen.de\/index.php?rest_route=%2Fwp%2Fv2%2Fmedia&parent=2336"}],"wp:term":[{"taxonomy":"category","embeddable":true,"href":"https:\/\/ttf-bad-woerishofen.de\/index.php?rest_route=%2Fwp%2Fv2%2Fcategories&post=2336"},{"taxonomy":"post_tag","embeddable":true,"href":"https:\/\/ttf-bad-woerishofen.de\/index.php?rest_route=%2Fwp%2Fv2%2Ftags&post=2336"}],"curies":[{"name":"wp","href":"https:\/\/api.w.org\/{rel}","templated":true}]}}