{"id":2059,"date":"2023-04-07T09:20:42","date_gmt":"2023-04-07T07:20:42","guid":{"rendered":"https:\/\/ttf-bad-woerishofen.de\/?p=2059"},"modified":"2023-04-07T09:20:42","modified_gmt":"2023-04-07T07:20:42","slug":"ttf-i-und-ttf-ii-spielen-kuenftig-beide-in-der-bezirksoberliga","status":"publish","type":"post","link":"https:\/\/ttf-bad-woerishofen.de\/?p=2059","title":{"rendered":"TTF I und TTF II spielen k\u00fcnftig beide in der Bezirksoberliga"},"content":{"rendered":"\n<p>Die erste und zweite Mannschaft der Tischtennisfreunde Bad W\u00f6rishofen beendeten letztes Wochenende erfolgreich ihre Saison 2022\/2023 und spielen in der n\u00e4chsten Saison gemeinsam in der Bezirksoberliga.<\/p>\n\n\n\n<p><strong><strong>TTF1<\/strong><\/strong><\/p>\n\n\n\n<p>Die erste Mannschaft der TTF h\u00e4tte am Wochenende eigentlich noch zwei Heimspiele gegen den SV Steinheim und die SG D\u00f6singen auszutragen gehabt. Die D\u00f6singer bekamen jedoch keine vollst\u00e4ndige Mannschaft zusammen und mussten das Abendspiel absagen. Dieses Spiel wurde daher mit 10:0 f\u00fcr die TTF gewertet.<\/p>\n\n\n\n<p>Im Nachmittagsspiel gegen den SV Steinheim mussten die TTF ohne ihre etatm\u00e4\u00dfige Nr. 4 Tobias Wille antreten, wof\u00fcr Daniel M\u00fcller einsprang. Da aber auch Steinheim nicht ihr planm\u00e4\u00dfiges 2. Paarkreuz einsetzen konnte, gingen die TTF als Favorit in die Begegnung. Sie konnten das Spiel dann auch erwartungsgem\u00e4\u00df mit 7:3 f\u00fcr sich entscheiden, wobei jedoch die beiden 5-Satz-Spiele nur knapp an die W\u00f6rishofer gingen und es somit knapper war, als es das Ergebnis ausdr\u00fcckt.<\/p>\n\n\n\n<p>In den beiden Anfangsdoppeln zeigten Horst M\u00fcller\/Rudolf Grund von den TTF ein \u00fcberzeugendes Spiel gegen das Spitzendoppel der G\u00e4ste Stetter\/Albrecht und gewannen klar mit 3:0 S\u00e4tzen. Im zweiten Doppel brauchten Karl Deeg\/Horst M\u00fcller zwei S\u00e4tze, um sich auf ihre Gegner einzustellen und konnten nach einem 0:2 R\u00fcckstand das Spiel noch drehen, wobei sie die weiteren drei S\u00e4tze dann doch recht deutlich dominierten.<\/p>\n\n\n\n<p>In den Spitzeneinzeln wurden die Punkte dann geteilt, wobei sowohl Horst M\u00fcller, als auch Karl Deeg etwas \u00fcberraschend jeweils der stark aufspielenden Nr. 2 der G\u00e4ste Andreas Albrecht mit 1:3 &#8211; wenn auch mit knappen Einzels\u00e4tzen &#8211; unterlagen. Beide konnten sich jedoch gegen den Spitzenspieler Robert Stetter schadlos halten, den Deeg mit 3:1 recht sicher im Griff hatte, w\u00e4hrend M\u00fcller ihn nach einem 0:2 R\u00fcckstand gerade noch knapp mit 12:10 im 5. Satz niederringen konnte.<\/p>\n\n\n\n<p>Das 2. Paarkreuz mit Rudolf Grund und Daniel M\u00fcller konnte den Sieg schlie\u00dflich sicherstellen, wobei Grund Philip Einsiedler in vier knappen S\u00e4tzen unterlag, w\u00e4hrend er Walter Einsiedler mit nahezu identischem umgekehrtem Spielverlauf ebenfalls in vier S\u00e4tzen besiegen konnte. M\u00fcller zeigte sich von seiner besten Seite, musste nur gegen Walter Einsiedler einen Satz abgeben und konnte seine beiden Einzelpunkte ansonsten souver\u00e4n mitnehmen.<\/p>\n\n\n\n<p>Die TTF1 kann die Saison in der Bezirksoberliga somit mit 20:16 Punkten auf einem guten 4. Platz abschlie\u00dfen.<\/p>\n\n\n\n<p><strong><strong>TTF2<\/strong><\/strong><\/p>\n\n\n\n<p>Die zweite Mannschaft der Tischtennisfreunde Bad W\u00f6rishofen hatte ihr letztes Spiel in der Bezirksliga-Ost beim Tabellenzweiten TSV Oberg\u00fcnzburg zu absolvieren, dem sie in der Vorrunde &#8211; allerdings stark ersatzgeschw\u00e4cht &#8211; ihre einzigen zwei Verlustpunkte in der bisherigen Saison zu verdanken hatte. F\u00fcr beide Mannschaften ging es in dem Spiel eigentlich nur noch um die Ehre, die Pl\u00e4tze waren fr\u00fchzeitig endg\u00fcltig vergeben.<\/p>\n\n\n\n<p>Beide Mannschaften mussten dieses Mal ohne ihre Nr. 1 antreten, w\u00e4hrend die Oberg\u00fcnzburger jedoch die Spieler in der Rangfolge 2-5 einsetzen konnten, mussten die TTF aufgrund einem gleichzeitigen Spiel der 3. Mannschaft den fehlenden Platz mit Michael Alf aus der 4. Mannschaft besetzen.<\/p>\n\n\n\n<p>Trotzdem entwickelte sich ein spannendes und hochklassiges Match, welches einem Spitzenspiel w\u00fcrdig war. F\u00fcnf Spiele, davon alle vier im vorderen Paarkreuz wurden erst im 5. Satz entschieden. Sowohl in den beiden Doppeln, als auch in den Paarkreuzen wurden die Punkte geteilt, so dass auch am Schluss mit 5:5 ein Unentschieden auf dem Spielbogen stehen blieb.<\/p>\n\n\n\n<p>In den Eingangsdoppeln harmonierten Lukas Wolf\/Alois Beierl einmal mehr gut und konnten einen ungef\u00e4hrdeten 3:1 Erfolg gegen Leveringhaus\/G\u00f6ppel Christian erspielen, w\u00e4hrend das neuformierte Doppel Daniel M\u00fcller\/Michael Alf nach gutem Kampf mit dem gleichen Ergebnis Kopf\/G\u00f6ppel Markus unterlagen.<\/p>\n\n\n\n<p>Am vorderen Paarkreuz konnte sich Wolf sowohl gegen Kopf, als auch gegen Leveringhaus knapp mit 3:2 durchsetzen, w\u00e4hrend M\u00fcller beiden Gegnern ebenso knapp mit 2:3 unterlag.<\/p>\n\n\n\n<p>Im 2. Paarkreuz konnte sich Beierl knapp mit 3:2 gegen Markus G\u00f6ppel und relativ sicher mit 3:1 gegen dessen Bruder Christian G\u00f6ppel durchsetzen, w\u00e4hrend Alf bei seinen beiden 3:0 Niederlagen nur an Erfahrung gewinnen konnte.<\/p>\n\n\n\n<p>Mit diesem Unentschieden sicherte sich die zweite Mannschaft der W\u00f6rishofer mit 33:3 Punkten und 11 Punkten Vorsprung vor den Oberg\u00fcnzburgern die Meisterschaft in der Bezirksliga-Ost und darf sich in der n\u00e4chsten Saison in der Bezirksoberliga mit seiner ersten Mannschaft messen.<\/p>\n\n\n\n<p>Auff\u00e4llig ist dabei, dass nach der aktuellen Punkterangliste nach dieser Saison mit Xaver Eschenlohr und Lukas Wolf die beiden Spieler mit den h\u00f6chsten Punkten der Tischtennisfreunde insgesamt aus der 2. Mannschaft kommen und es daher interessant werden wird, wie die Aufstellungen der 1. und der 2. Mannschaft f\u00fcr die n\u00e4chste Saison aussehen werden.<\/p>\n","protected":false},"excerpt":{"rendered":"<p>Die erste und zweite Mannschaft der Tischtennisfreunde Bad W\u00f6rishofen beendeten letztes Wochenende erfolgreich ihre Saison 2022\/2023 und spielen in der n\u00e4chsten Saison gemeinsam in der Bezirksoberliga. TTF1 Die erste Mannschaft [&hellip;]<\/p>\n","protected":false},"author":2,"featured_media":0,"comment_status":"closed","ping_status":"closed","sticky":false,"template":"","format":"standard","meta":{"ocean_post_layout":"","ocean_both_sidebars_style":"","ocean_both_sidebars_content_width":0,"ocean_both_sidebars_sidebars_width":0,"ocean_sidebar":"0","ocean_second_sidebar":"0","ocean_disable_margins":"enable","ocean_add_body_class":"","ocean_shortcode_before_top_bar":"","ocean_shortcode_after_top_bar":"","ocean_shortcode_before_header":"","ocean_shortcode_after_header":"","ocean_has_shortcode":"","ocean_shortcode_after_title":"","ocean_shortcode_before_footer_widgets":"","ocean_shortcode_after_footer_widgets":"","ocean_shortcode_before_footer_bottom":"","ocean_shortcode_after_footer_bottom":"","ocean_display_top_bar":"default","ocean_display_header":"default","ocean_header_style":"","ocean_center_header_left_menu":"0","ocean_custom_header_template":"0","ocean_custom_logo":0,"ocean_custom_retina_logo":0,"ocean_custom_logo_max_width":0,"ocean_custom_logo_tablet_max_width":0,"ocean_custom_logo_mobile_max_width":0,"ocean_custom_logo_max_height":0,"ocean_custom_logo_tablet_max_height":0,"ocean_custom_logo_mobile_max_height":0,"ocean_header_custom_menu":"0","ocean_menu_typo_font_family":"0","ocean_menu_typo_font_subset":"","ocean_menu_typo_font_size":0,"ocean_menu_typo_font_size_tablet":0,"ocean_menu_typo_font_size_mobile":0,"ocean_menu_typo_font_size_unit":"px","ocean_menu_typo_font_weight":"","ocean_menu_typo_font_weight_tablet":"","ocean_menu_typo_font_weight_mobile":"","ocean_menu_typo_transform":"","ocean_menu_typo_transform_tablet":"","ocean_menu_typo_transform_mobile":"","ocean_menu_typo_line_height":0,"ocean_menu_typo_line_height_tablet":0,"ocean_menu_typo_line_height_mobile":0,"ocean_menu_typo_line_height_unit":"","ocean_menu_typo_spacing":0,"ocean_menu_typo_spacing_tablet":0,"ocean_menu_typo_spacing_mobile":0,"ocean_menu_typo_spacing_unit":"","ocean_menu_link_color":"","ocean_menu_link_color_hover":"","ocean_menu_link_color_active":"","ocean_menu_link_background":"","ocean_menu_link_hover_background":"","ocean_menu_link_active_background":"","ocean_menu_social_links_bg":"","ocean_menu_social_hover_links_bg":"","ocean_menu_social_links_color":"","ocean_menu_social_hover_links_color":"","ocean_disable_title":"default","ocean_disable_heading":"default","ocean_post_title":"","ocean_post_subheading":"","ocean_post_title_style":"","ocean_post_title_background_color":"","ocean_post_title_background":0,"ocean_post_title_bg_image_position":"","ocean_post_title_bg_image_attachment":"","ocean_post_title_bg_image_repeat":"","ocean_post_title_bg_image_size":"","ocean_post_title_height":0,"ocean_post_title_bg_overlay":0.5,"ocean_post_title_bg_overlay_color":"","ocean_disable_breadcrumbs":"default","ocean_breadcrumbs_color":"","ocean_breadcrumbs_separator_color":"","ocean_breadcrumbs_links_color":"","ocean_breadcrumbs_links_hover_color":"","ocean_display_footer_widgets":"default","ocean_display_footer_bottom":"default","ocean_custom_footer_template":"0","ocean_post_oembed":"","ocean_post_self_hosted_media":"","ocean_post_video_embed":"","ocean_link_format":"","ocean_link_format_target":"self","ocean_quote_format":"","ocean_quote_format_link":"post","ocean_gallery_link_images":"off","ocean_gallery_id":[],"footnotes":""},"categories":[8,16],"tags":[],"class_list":["post-2059","post","type-post","status-publish","format-standard","hentry","category-presse","category-saison-2022-2023","entry"],"_links":{"self":[{"href":"https:\/\/ttf-bad-woerishofen.de\/index.php?rest_route=\/wp\/v2\/posts\/2059","targetHints":{"allow":["GET"]}}],"collection":[{"href":"https:\/\/ttf-bad-woerishofen.de\/index.php?rest_route=\/wp\/v2\/posts"}],"about":[{"href":"https:\/\/ttf-bad-woerishofen.de\/index.php?rest_route=\/wp\/v2\/types\/post"}],"author":[{"embeddable":true,"href":"https:\/\/ttf-bad-woerishofen.de\/index.php?rest_route=\/wp\/v2\/users\/2"}],"replies":[{"embeddable":true,"href":"https:\/\/ttf-bad-woerishofen.de\/index.php?rest_route=%2Fwp%2Fv2%2Fcomments&post=2059"}],"version-history":[{"count":1,"href":"https:\/\/ttf-bad-woerishofen.de\/index.php?rest_route=\/wp\/v2\/posts\/2059\/revisions"}],"predecessor-version":[{"id":2060,"href":"https:\/\/ttf-bad-woerishofen.de\/index.php?rest_route=\/wp\/v2\/posts\/2059\/revisions\/2060"}],"wp:attachment":[{"href":"https:\/\/ttf-bad-woerishofen.de\/index.php?rest_route=%2Fwp%2Fv2%2Fmedia&parent=2059"}],"wp:term":[{"taxonomy":"category","embeddable":true,"href":"https:\/\/ttf-bad-woerishofen.de\/index.php?rest_route=%2Fwp%2Fv2%2Fcategories&post=2059"},{"taxonomy":"post_tag","embeddable":true,"href":"https:\/\/ttf-bad-woerishofen.de\/index.php?rest_route=%2Fwp%2Fv2%2Ftags&post=2059"}],"curies":[{"name":"wp","href":"https:\/\/api.w.org\/{rel}","templated":true}]}}